{"id":7791,"date":"2025-11-07T08:28:56","date_gmt":"2025-11-07T08:28:56","guid":{"rendered":"https:\/\/greenzone-blumen.de\/geen-onderdeel-van-een-categorie\/sonderbestellzeiten-tag-der-deutschen-einheit\/"},"modified":"2025-11-07T08:28:57","modified_gmt":"2025-11-07T08:28:57","slug":"sonderbestellzeiten-tag-der-deutschen-einheit","status":"publish","type":"post","link":"https:\/\/greenzone-blumen.de\/nl\/news-nl\/sonderbestellzeiten-tag-der-deutschen-einheit\/","title":{"rendered":"Sonderbestellzeiten Tag der deutschen Einheit"},"content":{"rendered":"\n<p class=\"has-text-align-center\">Am 3.10 ist der Tag der deutschen Einheit. Aus diesem Grund haben wir ge\u00e4nderte Versandtage und ge\u00e4nderte \u00d6ffnungszeiten f\u00fcr unsere Versandkunden und Versteigerungskunden. <\/p>\n\n<p class=\"has-text-align-center\"><br\/>F\u00fcr unsere <strong>Versteigerungskunden<\/strong> gelten folgende \u00d6ffnungszeiten:<\/p>\n\n<p class=\"has-text-align-center\"><br\/>\u2022 Freitag, 03.10.2025 \u2013 Tag der deutschen Einheit \u2013 <strong>geschlossen<\/strong>, es besteht auch <strong>keine Abholm\u00f6glichkeit<\/strong><\/p>\n\n<p class=\"has-text-align-center\"><br\/>F\u00fcr unsere <strong>Versandkunden<\/strong> versenden wir wie folgt:<\/p>\n\n<p class=\"has-text-align-center\"><br\/>\u2022 Donnerstag, 02.10.2025 \u2013 <strong>Versand<\/strong> f\u00fcr Deutschland und \u00d6sterreich (mit Zustellung am Freitag)<br\/>\u2022 Freitag, 03.10.2025 \u2013 <strong>kein Versand<\/strong><\/p>\n\n<p class=\"has-text-align-center\"><br\/>Lieferung:<br\/>Wie gewohnt erhaltet Ihr Eure Bestellung einen Tag nach dem gew\u00fcnschten Versandtag. Die Zustellung findet wie gewohnt zwischen 08:00 Uhr und 13:00 Uhr mit dem Logistik-Dienstleister GO! statt. Nach \u00d6sterreich liefert GO! zwischen 08:00 Uhr und 18:00 Uhr.<br\/>F\u00fcr die Zustellung am Tag der Deutschen Einheit ist wichtig, dass <g id=\"gid_0\">Ihr anzutreffen seid<\/g>. Gerne k\u00f6nnt Ihr uns bis <strong>14:00 Uhr<\/strong> am Versandtag eine <strong>schriftliche Abstellgenehmigung<\/strong> zukommen lassen oder eine <strong>Terminlieferung<\/strong> buchen.   <\/p>\n\n<p class=\"has-text-align-center\"><br\/>Bei Fragen k\u00f6nnt Ihr Euch gerne jederzeit bei uns melden.<br\/>Wir w\u00fcnschen Euch einen sch\u00f6nen Feiertag!<\/p>\n\n<p class=\"has-text-align-center\"><br\/>Telefonisch: 0049-2839 9989 230<br\/>WhatsApp Nachrichten: 0031- 615 25 72 92<br\/>Mail: kundendienst@greenzone-blumen.de<\/p>\n\n<p class=\"has-text-align-center\"><br\/> Euer Team GreenZone<\/p>\n\n<p class=\"has-text-align-center\"><\/p>\n\n<p class=\"has-text-align-center\"><\/p>\n\n<p><\/p>\n\n<p class=\"has-text-align-center\"><\/p>\n","protected":false},"excerpt":{"rendered":"<p>Am 3.10 ist der Tag der deutschen Einheit. Aus diesem Grund haben wir ge\u00e4nderte Versandtage und ge\u00e4nderte \u00d6ffnungszeiten f\u00fcr unsere Versandkunden und Versteigerungskunden. F\u00fcr unsere Versteigerungskunden gelten folgende \u00d6ffnungszeiten: \u2022 Freitag, 03.10.2025 \u2013 Tag der deutschen Einheit \u2013 geschlossen, es besteht auch keine Abholm\u00f6glichkeit F\u00fcr unsere Versandkunden versenden wir wie folgt: \u2022 Donnerstag, 02.10.2025 \u2013&hellip;<\/p>\n","protected":false},"author":3,"featured_media":5533,"comment_status":"open","ping_status":"open","sticky":false,"template":"","format":"standard","meta":{"inline_featured_image":false,"footnotes":""},"categories":[43],"tags":[],"class_list":["post-7791","post","type-post","status-publish","format-standard","has-post-thumbnail","hentry","category-news-nl"],"yoast_head":"<!-- This site is optimized with the Yoast SEO plugin v27.2 - https:\/\/yoast.com\/product\/yoast-seo-wordpress\/ -->\n<title>Sonderbestellzeiten Tag der deutschen Einheit - Greenzone GmbH<\/title>\n<meta name=\"description\" content=\"Wir erh\u00f6hen unsere Transportkosten. Auf Grund von steigenden Preisen sind auch wir jetzt gezwungen h\u00f6here kosten zu berechnen.\" \/>\n<meta name=\"robots\" content=\"index, follow, max-snippet:-1, max-image-preview:large, max-video-preview:-1\" \/>\n<link rel=\"canonical\" href=\"https:\/\/greenzone-blumen.de\/nl\/news-nl\/sonderbestellzeiten-tag-der-deutschen-einheit\/\" \/>\n<meta property=\"og:locale\" content=\"nl_NL\" \/>\n<meta property=\"og:type\" content=\"article\" \/>\n<meta property=\"og:title\" content=\"Sonderbestellzeiten Tag der deutschen Einheit - Greenzone GmbH\" \/>\n<meta property=\"og:description\" content=\"Wir erh\u00f6hen unsere Transportkosten. Auf Grund von steigenden Preisen sind auch wir jetzt gezwungen h\u00f6here kosten zu berechnen.\" \/>\n<meta property=\"og:url\" content=\"https:\/\/greenzone-blumen.de\/nl\/news-nl\/sonderbestellzeiten-tag-der-deutschen-einheit\/\" \/>\n<meta property=\"og:site_name\" content=\"Greenzone GmbH\" \/>\n<meta property=\"article:published_time\" content=\"2025-11-07T08:28:56+00:00\" \/>\n<meta property=\"article:modified_time\" content=\"2025-11-07T08:28:57+00:00\" \/>\n<meta property=\"og:image\" content=\"https:\/\/greenzone-blumen.de\/wp-content\/uploads\/2024\/09\/norbert-braun-Py-J8IIthPs-unsplash-scaled.jpg\" \/>\n\t<meta property=\"og:image:width\" content=\"1\" \/>\n\t<meta property=\"og:image:height\" content=\"1\" \/>\n\t<meta property=\"og:image:type\" content=\"image\/jpeg\" \/>\n<meta name=\"author\" content=\"Pauline F\u00fcrst\" \/>\n<meta name=\"twitter:card\" content=\"summary_large_image\" \/>\n<meta name=\"twitter:label1\" content=\"Geschreven door\" \/>\n\t<meta name=\"twitter:data1\" content=\"Pauline F\u00fcrst\" \/>\n\t<meta name=\"twitter:label2\" content=\"Geschatte leestijd\" \/>\n\t<meta name=\"twitter:data2\" content=\"1 minuut\" \/>\n<script type=\"application\/ld+json\" class=\"yoast-schema-graph\">{\"@context\":\"https:\/\/schema.org\",\"@graph\":[{\"@type\":\"Article\",\"@id\":\"https:\/\/greenzone-blumen.de\/nl\/news-nl\/sonderbestellzeiten-tag-der-deutschen-einheit\/#article\",\"isPartOf\":{\"@id\":\"https:\/\/greenzone-blumen.de\/nl\/news-nl\/sonderbestellzeiten-tag-der-deutschen-einheit\/\"},\"author\":{\"name\":\"Pauline F\u00fcrst\",\"@id\":\"https:\/\/greenzone-blumen.de\/nl\/#\/schema\/person\/9f95031ae2750416aefcc74f10b9f312\"},\"headline\":\"Sonderbestellzeiten Tag der deutschen Einheit\",\"datePublished\":\"2025-11-07T08:28:56+00:00\",\"dateModified\":\"2025-11-07T08:28:57+00:00\",\"mainEntityOfPage\":{\"@id\":\"https:\/\/greenzone-blumen.de\/nl\/news-nl\/sonderbestellzeiten-tag-der-deutschen-einheit\/\"},\"wordCount\":171,\"commentCount\":0,\"image\":{\"@id\":\"https:\/\/greenzone-blumen.de\/nl\/news-nl\/sonderbestellzeiten-tag-der-deutschen-einheit\/#primaryimage\"},\"thumbnailUrl\":\"https:\/\/greenzone-blumen.de\/wp-content\/uploads\/2024\/09\/norbert-braun-Py-J8IIthPs-unsplash-scaled.jpg\",\"articleSection\":[\"news\"],\"inLanguage\":\"nl-NL\",\"potentialAction\":[{\"@type\":\"CommentAction\",\"name\":\"Comment\",\"target\":[\"https:\/\/greenzone-blumen.de\/nl\/news-nl\/sonderbestellzeiten-tag-der-deutschen-einheit\/#respond\"]}]},{\"@type\":\"WebPage\",\"@id\":\"https:\/\/greenzone-blumen.de\/nl\/news-nl\/sonderbestellzeiten-tag-der-deutschen-einheit\/\",\"url\":\"https:\/\/greenzone-blumen.de\/nl\/news-nl\/sonderbestellzeiten-tag-der-deutschen-einheit\/\",\"name\":\"Sonderbestellzeiten Tag der deutschen Einheit - Greenzone GmbH\",\"isPartOf\":{\"@id\":\"https:\/\/greenzone-blumen.de\/nl\/#website\"},\"primaryImageOfPage\":{\"@id\":\"https:\/\/greenzone-blumen.de\/nl\/news-nl\/sonderbestellzeiten-tag-der-deutschen-einheit\/#primaryimage\"},\"image\":{\"@id\":\"https:\/\/greenzone-blumen.de\/nl\/news-nl\/sonderbestellzeiten-tag-der-deutschen-einheit\/#primaryimage\"},\"thumbnailUrl\":\"https:\/\/greenzone-blumen.de\/wp-content\/uploads\/2024\/09\/norbert-braun-Py-J8IIthPs-unsplash-scaled.jpg\",\"datePublished\":\"2025-11-07T08:28:56+00:00\",\"dateModified\":\"2025-11-07T08:28:57+00:00\",\"author\":{\"@id\":\"https:\/\/greenzone-blumen.de\/nl\/#\/schema\/person\/9f95031ae2750416aefcc74f10b9f312\"},\"description\":\"Wir erh\u00f6hen unsere Transportkosten. Auf Grund von steigenden Preisen sind auch wir jetzt gezwungen h\u00f6here kosten zu berechnen.\",\"breadcrumb\":{\"@id\":\"https:\/\/greenzone-blumen.de\/nl\/news-nl\/sonderbestellzeiten-tag-der-deutschen-einheit\/#breadcrumb\"},\"inLanguage\":\"nl-NL\",\"potentialAction\":[{\"@type\":\"ReadAction\",\"target\":[\"https:\/\/greenzone-blumen.de\/nl\/news-nl\/sonderbestellzeiten-tag-der-deutschen-einheit\/\"]}]},{\"@type\":\"ImageObject\",\"inLanguage\":\"nl-NL\",\"@id\":\"https:\/\/greenzone-blumen.de\/nl\/news-nl\/sonderbestellzeiten-tag-der-deutschen-einheit\/#primaryimage\",\"url\":\"https:\/\/greenzone-blumen.de\/wp-content\/uploads\/2024\/09\/norbert-braun-Py-J8IIthPs-unsplash-scaled.jpg\",\"contentUrl\":\"https:\/\/greenzone-blumen.de\/wp-content\/uploads\/2024\/09\/norbert-braun-Py-J8IIthPs-unsplash-scaled.jpg\"},{\"@type\":\"BreadcrumbList\",\"@id\":\"https:\/\/greenzone-blumen.de\/nl\/news-nl\/sonderbestellzeiten-tag-der-deutschen-einheit\/#breadcrumb\",\"itemListElement\":[{\"@type\":\"ListItem\",\"position\":1,\"name\":\"Home\",\"item\":\"https:\/\/greenzone-blumen.de\/nl\/home-nieuw\/\"},{\"@type\":\"ListItem\",\"position\":2,\"name\":\"Sonderbestellzeiten Tag der deutschen Einheit\"}]},{\"@type\":\"WebSite\",\"@id\":\"https:\/\/greenzone-blumen.de\/nl\/#website\",\"url\":\"https:\/\/greenzone-blumen.de\/nl\/\",\"name\":\"Greenzone GmbH\",\"description\":\"Da freu ich mich drauf\",\"potentialAction\":[{\"@type\":\"SearchAction\",\"target\":{\"@type\":\"EntryPoint\",\"urlTemplate\":\"https:\/\/greenzone-blumen.de\/nl\/?s={search_term_string}\"},\"query-input\":{\"@type\":\"PropertyValueSpecification\",\"valueRequired\":true,\"valueName\":\"search_term_string\"}}],\"inLanguage\":\"nl-NL\"},{\"@type\":\"Person\",\"@id\":\"https:\/\/greenzone-blumen.de\/nl\/#\/schema\/person\/9f95031ae2750416aefcc74f10b9f312\",\"name\":\"Pauline F\u00fcrst\",\"image\":{\"@type\":\"ImageObject\",\"inLanguage\":\"nl-NL\",\"@id\":\"https:\/\/secure.gravatar.com\/avatar\/674dbd6222fe104d36e695ab89a174156063496cc62add4eeb670d51c041a4b8?s=96&d=mm&r=g\",\"url\":\"https:\/\/secure.gravatar.com\/avatar\/674dbd6222fe104d36e695ab89a174156063496cc62add4eeb670d51c041a4b8?s=96&d=mm&r=g\",\"contentUrl\":\"https:\/\/secure.gravatar.com\/avatar\/674dbd6222fe104d36e695ab89a174156063496cc62add4eeb670d51c041a4b8?s=96&d=mm&r=g\",\"caption\":\"Pauline F\u00fcrst\"},\"url\":\"https:\/\/greenzone-blumen.de\/nl\/author\/paulinegreenzone-nl\/\"}]}<\/script>\n<!-- \/ Yoast SEO plugin. -->","yoast_head_json":{"title":"Sonderbestellzeiten Tag der deutschen Einheit - Greenzone GmbH","description":"Wir erh\u00f6hen unsere Transportkosten. Auf Grund von steigenden Preisen sind auch wir jetzt gezwungen h\u00f6here kosten zu berechnen.","robots":{"index":"index","follow":"follow","max-snippet":"max-snippet:-1","max-image-preview":"max-image-preview:large","max-video-preview":"max-video-preview:-1"},"canonical":"https:\/\/greenzone-blumen.de\/nl\/news-nl\/sonderbestellzeiten-tag-der-deutschen-einheit\/","og_locale":"nl_NL","og_type":"article","og_title":"Sonderbestellzeiten Tag der deutschen Einheit - Greenzone GmbH","og_description":"Wir erh\u00f6hen unsere Transportkosten. Auf Grund von steigenden Preisen sind auch wir jetzt gezwungen h\u00f6here kosten zu berechnen.","og_url":"https:\/\/greenzone-blumen.de\/nl\/news-nl\/sonderbestellzeiten-tag-der-deutschen-einheit\/","og_site_name":"Greenzone GmbH","article_published_time":"2025-11-07T08:28:56+00:00","article_modified_time":"2025-11-07T08:28:57+00:00","og_image":[{"url":"https:\/\/greenzone-blumen.de\/wp-content\/uploads\/2024\/09\/norbert-braun-Py-J8IIthPs-unsplash-scaled.jpg","width":1,"height":1,"type":"image\/jpeg"}],"author":"Pauline F\u00fcrst","twitter_card":"summary_large_image","twitter_misc":{"Geschreven door":"Pauline F\u00fcrst","Geschatte leestijd":"1 minuut"},"schema":{"@context":"https:\/\/schema.org","@graph":[{"@type":"Article","@id":"https:\/\/greenzone-blumen.de\/nl\/news-nl\/sonderbestellzeiten-tag-der-deutschen-einheit\/#article","isPartOf":{"@id":"https:\/\/greenzone-blumen.de\/nl\/news-nl\/sonderbestellzeiten-tag-der-deutschen-einheit\/"},"author":{"name":"Pauline F\u00fcrst","@id":"https:\/\/greenzone-blumen.de\/nl\/#\/schema\/person\/9f95031ae2750416aefcc74f10b9f312"},"headline":"Sonderbestellzeiten Tag der deutschen Einheit","datePublished":"2025-11-07T08:28:56+00:00","dateModified":"2025-11-07T08:28:57+00:00","mainEntityOfPage":{"@id":"https:\/\/greenzone-blumen.de\/nl\/news-nl\/sonderbestellzeiten-tag-der-deutschen-einheit\/"},"wordCount":171,"commentCount":0,"image":{"@id":"https:\/\/greenzone-blumen.de\/nl\/news-nl\/sonderbestellzeiten-tag-der-deutschen-einheit\/#primaryimage"},"thumbnailUrl":"https:\/\/greenzone-blumen.de\/wp-content\/uploads\/2024\/09\/norbert-braun-Py-J8IIthPs-unsplash-scaled.jpg","articleSection":["news"],"inLanguage":"nl-NL","potentialAction":[{"@type":"CommentAction","name":"Comment","target":["https:\/\/greenzone-blumen.de\/nl\/news-nl\/sonderbestellzeiten-tag-der-deutschen-einheit\/#respond"]}]},{"@type":"WebPage","@id":"https:\/\/greenzone-blumen.de\/nl\/news-nl\/sonderbestellzeiten-tag-der-deutschen-einheit\/","url":"https:\/\/greenzone-blumen.de\/nl\/news-nl\/sonderbestellzeiten-tag-der-deutschen-einheit\/","name":"Sonderbestellzeiten Tag der deutschen Einheit - Greenzone GmbH","isPartOf":{"@id":"https:\/\/greenzone-blumen.de\/nl\/#website"},"primaryImageOfPage":{"@id":"https:\/\/greenzone-blumen.de\/nl\/news-nl\/sonderbestellzeiten-tag-der-deutschen-einheit\/#primaryimage"},"image":{"@id":"https:\/\/greenzone-blumen.de\/nl\/news-nl\/sonderbestellzeiten-tag-der-deutschen-einheit\/#primaryimage"},"thumbnailUrl":"https:\/\/greenzone-blumen.de\/wp-content\/uploads\/2024\/09\/norbert-braun-Py-J8IIthPs-unsplash-scaled.jpg","datePublished":"2025-11-07T08:28:56+00:00","dateModified":"2025-11-07T08:28:57+00:00","author":{"@id":"https:\/\/greenzone-blumen.de\/nl\/#\/schema\/person\/9f95031ae2750416aefcc74f10b9f312"},"description":"Wir erh\u00f6hen unsere Transportkosten. Auf Grund von steigenden Preisen sind auch wir jetzt gezwungen h\u00f6here kosten zu berechnen.","breadcrumb":{"@id":"https:\/\/greenzone-blumen.de\/nl\/news-nl\/sonderbestellzeiten-tag-der-deutschen-einheit\/#breadcrumb"},"inLanguage":"nl-NL","potentialAction":[{"@type":"ReadAction","target":["https:\/\/greenzone-blumen.de\/nl\/news-nl\/sonderbestellzeiten-tag-der-deutschen-einheit\/"]}]},{"@type":"ImageObject","inLanguage":"nl-NL","@id":"https:\/\/greenzone-blumen.de\/nl\/news-nl\/sonderbestellzeiten-tag-der-deutschen-einheit\/#primaryimage","url":"https:\/\/greenzone-blumen.de\/wp-content\/uploads\/2024\/09\/norbert-braun-Py-J8IIthPs-unsplash-scaled.jpg","contentUrl":"https:\/\/greenzone-blumen.de\/wp-content\/uploads\/2024\/09\/norbert-braun-Py-J8IIthPs-unsplash-scaled.jpg"},{"@type":"BreadcrumbList","@id":"https:\/\/greenzone-blumen.de\/nl\/news-nl\/sonderbestellzeiten-tag-der-deutschen-einheit\/#breadcrumb","itemListElement":[{"@type":"ListItem","position":1,"name":"Home","item":"https:\/\/greenzone-blumen.de\/nl\/home-nieuw\/"},{"@type":"ListItem","position":2,"name":"Sonderbestellzeiten Tag der deutschen Einheit"}]},{"@type":"WebSite","@id":"https:\/\/greenzone-blumen.de\/nl\/#website","url":"https:\/\/greenzone-blumen.de\/nl\/","name":"Greenzone GmbH","description":"Da freu ich mich drauf","potentialAction":[{"@type":"SearchAction","target":{"@type":"EntryPoint","urlTemplate":"https:\/\/greenzone-blumen.de\/nl\/?s={search_term_string}"},"query-input":{"@type":"PropertyValueSpecification","valueRequired":true,"valueName":"search_term_string"}}],"inLanguage":"nl-NL"},{"@type":"Person","@id":"https:\/\/greenzone-blumen.de\/nl\/#\/schema\/person\/9f95031ae2750416aefcc74f10b9f312","name":"Pauline F\u00fcrst","image":{"@type":"ImageObject","inLanguage":"nl-NL","@id":"https:\/\/secure.gravatar.com\/avatar\/674dbd6222fe104d36e695ab89a174156063496cc62add4eeb670d51c041a4b8?s=96&d=mm&r=g","url":"https:\/\/secure.gravatar.com\/avatar\/674dbd6222fe104d36e695ab89a174156063496cc62add4eeb670d51c041a4b8?s=96&d=mm&r=g","contentUrl":"https:\/\/secure.gravatar.com\/avatar\/674dbd6222fe104d36e695ab89a174156063496cc62add4eeb670d51c041a4b8?s=96&d=mm&r=g","caption":"Pauline F\u00fcrst"},"url":"https:\/\/greenzone-blumen.de\/nl\/author\/paulinegreenzone-nl\/"}]}},"_links":{"self":[{"href":"https:\/\/greenzone-blumen.de\/nl\/wp-json\/wp\/v2\/posts\/7791","targetHints":{"allow":["GET"]}}],"collection":[{"href":"https:\/\/greenzone-blumen.de\/nl\/wp-json\/wp\/v2\/posts"}],"about":[{"href":"https:\/\/greenzone-blumen.de\/nl\/wp-json\/wp\/v2\/types\/post"}],"author":[{"embeddable":true,"href":"https:\/\/greenzone-blumen.de\/nl\/wp-json\/wp\/v2\/users\/3"}],"replies":[{"embeddable":true,"href":"https:\/\/greenzone-blumen.de\/nl\/wp-json\/wp\/v2\/comments?post=7791"}],"version-history":[{"count":1,"href":"https:\/\/greenzone-blumen.de\/nl\/wp-json\/wp\/v2\/posts\/7791\/revisions"}],"predecessor-version":[{"id":7792,"href":"https:\/\/greenzone-blumen.de\/nl\/wp-json\/wp\/v2\/posts\/7791\/revisions\/7792"}],"wp:featuredmedia":[{"embeddable":true,"href":"https:\/\/greenzone-blumen.de\/nl\/wp-json\/wp\/v2\/media\/5533"}],"wp:attachment":[{"href":"https:\/\/greenzone-blumen.de\/nl\/wp-json\/wp\/v2\/media?parent=7791"}],"wp:term":[{"taxonomy":"category","embeddable":true,"href":"https:\/\/greenzone-blumen.de\/nl\/wp-json\/wp\/v2\/categories?post=7791"},{"taxonomy":"post_tag","embeddable":true,"href":"https:\/\/greenzone-blumen.de\/nl\/wp-json\/wp\/v2\/tags?post=7791"}],"curies":[{"name":"wp","href":"https:\/\/api.w.org\/{rel}","templated":true}]}}